{"id":104,"date":"2019-01-29T17:02:49","date_gmt":"2019-01-29T16:02:49","guid":{"rendered":"http:\/\/pilarsantfrancesc.es\/val\/?p=104"},"modified":"2022-05-18T06:02:27","modified_gmt":"2022-05-18T04:02:27","slug":"imposicio-dinsignies-sapsf-2019","status":"publish","type":"post","link":"https:\/\/pilarsantfrancesc.es\/val\/2019\/01\/29\/imposicio-dinsignies-sapsf-2019\/","title":{"rendered":"IMPOSICI\u00d3 D&#8217;INS\u00cdGNIES AEPSF 2019"},"content":{"rendered":"\n<p style=\"text-align:justify\"><strong>(Valencia, 27.01.19)<\/strong>&nbsp;El dumenge, va tindre lloc&nbsp;<strong>l\u2019Imposici\u00f3 de l\u2019Ins\u00edgnia<\/strong>&nbsp;del nostre Sector-Agrupaci\u00f3 de estes Falles 2019.&nbsp;Se\u2019ls va imposar a totes les Falleres Majors, Falleres Majors Infantils i als Presidents Infantils i tamb\u00e9 als Presidents que presidixen per primera volta.<\/p>\n\n\n\n<p style=\"text-align:justify\">L\u2019acte va tindre lloc en el Casal de la&nbsp;<strong>Falla Ribera \u2013 Convent Santa Clara,<\/strong>&nbsp;i&nbsp;va&nbsp;estar&nbsp;dirigir&nbsp;per&nbsp;Jos\u00e9 F. Villanueva i L\u00f3pez, faller d\u2019esta comissi\u00f3 i component de la directiva de l\u2019Agrupaci\u00f3.<\/p>\n\n\n\n<p style=\"text-align:justify\">Per a fer entrega de les ins\u00edgnies, es va cridar al nostre President de l\u2019Agrupaci\u00f3,&nbsp;<strong>Javier Tebar<\/strong>, i als nostres delegats del sector,&nbsp;<strong>Amparo Castell\u00f3&nbsp;<\/strong>i<strong>&nbsp;Pepe Lloret<\/strong>.<br><\/p>\n\n\n\n<p style=\"text-align:justify\">Adem\u00e9s de l\u2019ins\u00edgnia, es va entregar els premis de belems i els premis infantils de birles. Tamb\u00e9 se\u2019ls va fer entrega de l\u2019obsequi per part de l\u2019Agrupaci\u00f3. Per a fer entrega de tots els premis i de l\u2019insign\u00eda, es va cridar a les falles una per una:<\/p>\n\n\n\n<ul class=\"wp-block-gallery columns-2 is-cropped\"><li class=\"blocks-gallery-item\"><figure><img data-recalc-dims=\"1\" decoding=\"async\" src=\"https:\/\/pilarsantfrancesc.files.wordpress.com\/2019\/01\/e29012019-1.jpg?w=640\" alt=\"\" data-id=\"6680\" data-link=\"https:\/\/pilarsantfrancesc.wordpress.com\/?attachment_id=6680\" class=\"wp-image-6680\"><figcaption>Falla Murillo i Palomar<br>Tercer Premi Belem Tradicional<\/figcaption><\/figure><\/li><li class=\"blocks-gallery-item\"><figure><img data-recalc-dims=\"1\" decoding=\"async\" src=\"https:\/\/pilarsantfrancesc.files.wordpress.com\/2019\/01\/e29012019-2.jpg?w=640\" alt=\"\" data-id=\"6681\" data-link=\"https:\/\/pilarsantfrancesc.wordpress.com\/?attachment_id=6681\" class=\"wp-image-6681\"><figcaption>Falla Avinguda de l&#8217;Oest<br>Primer Premi Belem Tradicional<br>Joshua, PI, Campe\u00f3 de Birles<\/figcaption><\/figure><\/li><li class=\"blocks-gallery-item\"><figure><img data-recalc-dims=\"1\" decoding=\"async\" src=\"https:\/\/pilarsantfrancesc.files.wordpress.com\/2019\/01\/e29012019-3.jpg?w=640\" alt=\"\" data-id=\"6682\" data-link=\"https:\/\/pilarsantfrancesc.wordpress.com\/?attachment_id=6682\" class=\"wp-image-6682\"><figcaption>Falla Bolser\u00eda Tros-Alt<br>Quint Premi Belem Tradicional<br>Lu\u00eds, PI, Subcampe\u00f3 de Birles<\/figcaption><\/figure><\/li><li class=\"blocks-gallery-item\"><figure><img data-recalc-dims=\"1\" decoding=\"async\" src=\"https:\/\/pilarsantfrancesc.files.wordpress.com\/2019\/01\/e29012019-4.jpg?w=640\" alt=\"\" data-id=\"6683\" data-link=\"https:\/\/pilarsantfrancesc.wordpress.com\/?attachment_id=6683\" class=\"wp-image-6683\"><figcaption>Falla Quart i Palomar<br>Segon Premi Belem Tradicional<\/figcaption><\/figure><\/li><li class=\"blocks-gallery-item\"><figure><img data-recalc-dims=\"1\" decoding=\"async\" src=\"https:\/\/pilarsantfrancesc.files.wordpress.com\/2019\/01\/e29012019-5.jpg?w=640\" alt=\"\" data-id=\"6684\" data-link=\"https:\/\/pilarsantfrancesc.wordpress.com\/?attachment_id=6684\" class=\"wp-image-6684\"><figcaption>Falla Peu de la Creu<br>Quart Premi Belem Innovador<br>Roc\u00edo, FMI, Tercera en Birles<\/figcaption><\/figure><\/li><li class=\"blocks-gallery-item\"><figure><img data-recalc-dims=\"1\" decoding=\"async\" src=\"https:\/\/pilarsantfrancesc.files.wordpress.com\/2019\/01\/e29012019-6.jpg?w=640\" alt=\"\" data-id=\"6685\" data-link=\"https:\/\/pilarsantfrancesc.wordpress.com\/?attachment_id=6685\" class=\"wp-image-6685\"><figcaption>Falla Pla\u00e7a del Pilar<br>Quart Premi Belem Tradicional<br>Tania, FMI, Campeona de Birles<\/figcaption><\/figure><\/li><li class=\"blocks-gallery-item\"><figure><img data-recalc-dims=\"1\" decoding=\"async\" src=\"https:\/\/pilarsantfrancesc.files.wordpress.com\/2019\/01\/e29012019-7.jpg?w=640\" alt=\"\" data-id=\"6686\" data-link=\"https:\/\/pilarsantfrancesc.wordpress.com\/?attachment_id=6686\" class=\"wp-image-6686\"><figcaption>Falla G. Castro &#8211; Triador<br>Segon Premi Belem Innovador<\/figcaption><\/figure><\/li><li class=\"blocks-gallery-item\"><figure><img data-recalc-dims=\"1\" decoding=\"async\" src=\"https:\/\/pilarsantfrancesc.files.wordpress.com\/2019\/01\/e29012019-8.jpg?w=640\" alt=\"\" data-id=\"6687\" data-link=\"https:\/\/pilarsantfrancesc.wordpress.com\/?attachment_id=6687\" class=\"wp-image-6687\"><figcaption>Falla S. Vicent &#8211; P. Azzati<br>Paula, FMI, Subcampeona de Birles<\/figcaption><\/figure><\/li><li class=\"blocks-gallery-item\"><figure><img data-recalc-dims=\"1\" decoding=\"async\" src=\"https:\/\/pilarsantfrancesc.files.wordpress.com\/2019\/01\/e29012019-9.jpg?w=640\" alt=\"\" data-id=\"6688\" data-link=\"https:\/\/pilarsantfrancesc.wordpress.com\/?attachment_id=6688\" class=\"wp-image-6688\"><figcaption>Falla En Sendra &#8211; P. Coll<br>Sext Premi Belem Tradicional<br>Erik, PI, Tercer en Birles<\/figcaption><\/figure><\/li><li class=\"blocks-gallery-item\"><figure><img data-recalc-dims=\"1\" decoding=\"async\" src=\"https:\/\/pilarsantfrancesc.files.wordpress.com\/2019\/01\/e29012019-10.jpg?w=640\" alt=\"\" data-id=\"6689\" data-link=\"https:\/\/pilarsantfrancesc.wordpress.com\/?attachment_id=6689\" class=\"wp-image-6689\"><figcaption>Falla En Plom i G. Castro<br>Tercer Premi Belem Innovador<\/figcaption><\/figure><\/li><li class=\"blocks-gallery-item\"><figure><img data-recalc-dims=\"1\" decoding=\"async\" src=\"https:\/\/pilarsantfrancesc.files.wordpress.com\/2019\/01\/e29012019-11.jpg?w=640\" alt=\"\" data-id=\"6690\" data-link=\"https:\/\/pilarsantfrancesc.wordpress.com\/?attachment_id=6690\" class=\"wp-image-6690\"><figcaption>Falla G. Sorolla i Recaredo<\/figcaption><\/figure><\/li><li class=\"blocks-gallery-item\"><figure><img data-recalc-dims=\"1\" decoding=\"async\" src=\"https:\/\/pilarsantfrancesc.files.wordpress.com\/2019\/01\/e29012019-12.jpg?w=640\" alt=\"\" data-id=\"6691\" data-link=\"https:\/\/pilarsantfrancesc.wordpress.com\/?attachment_id=6691\" class=\"wp-image-6691\"><figcaption>Falla Ribera &#8211; C. Santa Clara<br>Primer Premi Belem Innovador<\/figcaption><\/figure><\/li><\/ul>\n\n\n\n<p style=\"text-align: justify;\">Tamb\u00e9 se&#8217;ls va imposar l&#8217;ins\u00edgnia del Sector-Agrupaci\u00f3 als nous directius: Isabel Fern\u00e1ndez i Castro, delegada de festejos i component de la Falla Avinguda de l&#8217;Oest &#8220;Els Velluters&#8221;, Amanda Esqueta i Naval\u00f3n, delegada de festejos i component de la Falla Guillem de Castro, Triador i Sant Pere Pasqual i a Jos\u00e9 Felipe Villanueva i L\u00f3pez, vicepresident i component de la Falla Ribera-Convent Santa Clara &#8220;Telef\u00f3nica&#8221;. I la &#8220;caramba&#8221; a dos membres de la directiva que porten <strong>tres anys consecutius<\/strong> en el seu c\u00e0rrec: Alejandro Vicent i Andr\u00e9s, delegat de festejos i component de la Falla Avinguda de l&#8217;Oest &#8220;Els Velluters&#8221; i a Patricia Gand\u00eda i Ventura, vicesecretaria i componen de la Falla Pla\u00e7a del Pilar.<\/p>\n\n\n\n<ul class=\"wp-block-gallery columns-3 is-cropped\"><li class=\"blocks-gallery-item\"><figure><img data-recalc-dims=\"1\" decoding=\"async\" src=\"https:\/\/pilarsantfrancesc.files.wordpress.com\/2019\/01\/e29012019-13.jpg?w=640\" alt=\"\" data-id=\"6692\" data-link=\"https:\/\/pilarsantfrancesc.wordpress.com\/?attachment_id=6692\" class=\"wp-image-6692\"><figcaption>Isabel Fern\u00e1ndez i Castro<\/figcaption><\/figure><\/li><li class=\"blocks-gallery-item\"><figure><img data-recalc-dims=\"1\" decoding=\"async\" src=\"https:\/\/pilarsantfrancesc.files.wordpress.com\/2019\/01\/e29012019-14.jpg?w=640\" alt=\"\" data-id=\"6693\" data-link=\"https:\/\/pilarsantfrancesc.wordpress.com\/?attachment_id=6693\" class=\"wp-image-6693\"><figcaption>Amanda Esqueta i Naval\u00f3n<\/figcaption><\/figure><\/li><li class=\"blocks-gallery-item\"><figure><img data-recalc-dims=\"1\" decoding=\"async\" src=\"https:\/\/pilarsantfrancesc.files.wordpress.com\/2019\/01\/e29012019-15.jpg?w=640\" alt=\"\" data-id=\"6694\" data-link=\"https:\/\/pilarsantfrancesc.wordpress.com\/?attachment_id=6694\" class=\"wp-image-6694\"><figcaption>Jos\u00e9 F. Villanueva i L\u00f3pez<\/figcaption><\/figure><\/li><li class=\"blocks-gallery-item\"><figure><img data-recalc-dims=\"1\" decoding=\"async\" src=\"https:\/\/pilarsantfrancesc.files.wordpress.com\/2019\/01\/e29012019-16.jpg?w=640\" alt=\"\" data-id=\"6695\" data-link=\"https:\/\/pilarsantfrancesc.wordpress.com\/?attachment_id=6695\" class=\"wp-image-6695\"><figcaption>Alejandro Vicent i Andr\u00e9s<\/figcaption><\/figure><\/li><li class=\"blocks-gallery-item\"><figure><img data-recalc-dims=\"1\" decoding=\"async\" src=\"https:\/\/pilarsantfrancesc.files.wordpress.com\/2019\/01\/e29012019-17.jpg?w=640\" alt=\"\" data-id=\"6696\" data-link=\"https:\/\/pilarsantfrancesc.wordpress.com\/?attachment_id=6696\" class=\"wp-image-6696\"><figcaption>Patricia Gand\u00eda i Ventura<\/figcaption><\/figure><\/li><\/ul>\n\n\n\n<p style=\"text-align: justify;\">Per a finalisar l\u2019acte de l\u2019Imposici\u00f3 d\u2019Ins\u00edgnies de la nostra Agrupaci\u00f3, els m\u00e0xims representants de les 12 comissions, varen pujar a l\u2019escenari per a interpretar tots junts l\u2019himne regional.<\/p>\n\n\n\n<p><a href=\"https:\/\/photos.app.goo.gl\/qiUzHx5TtoNxd2M4A\">Ac\u00ed<\/a> teniu el restant de fotografies de l&#8217;acte.<\/p>\n","protected":false},"excerpt":{"rendered":"<p>(Valencia, 27.01.19)&nbsp;El dumenge, va tindre lloc&nbsp;l\u2019Imposici\u00f3 de l\u2019Ins\u00edgnia&nbsp;del nostre Sector-Agrupaci\u00f3 de estes Falles 2019.&nbsp;Se\u2019ls va imposar a totes les Falleres Majors, Falleres Majors Infantils i als Presidents Infantils i tamb\u00e9 als Presidents que presidixen per primera volta. L\u2019acte va tindre lloc en el Casal de la&nbsp;Falla Ribera \u2013 Convent Santa Clara,&nbsp;i&nbsp;va&nbsp;estar&nbsp;dirigir&nbsp;per&nbsp;Jos\u00e9 F. Villanueva i L\u00f3pez, [&hellip;]<\/p>\n","protected":false},"author":1,"featured_media":7064,"comment_status":"open","ping_status":"open","sticky":false,"template":"","format":"standard","meta":{"_monsterinsights_skip_tracking":false,"_monsterinsights_sitenote_active":false,"_monsterinsights_sitenote_note":"","_monsterinsights_sitenote_category":0,"jetpack_post_was_ever_published":false,"_jetpack_newsletter_access":"","_jetpack_dont_email_post_to_subs":false,"_jetpack_newsletter_tier_id":0,"_jetpack_memberships_contains_paywalled_content":false,"_jetpack_memberships_contains_paid_content":false,"footnotes":""},"categories":[5,3],"tags":[74,75,44],"class_list":["post-104","post","type-post","status-publish","format-standard","has-post-thumbnail","hentry","category-eixercici-2018-2019","category-eixercicis","tag-aepsf19","tag-falles2019","tag-insigniesaepsf"],"aioseo_notices":[],"jetpack_featured_media_url":"https:\/\/i0.wp.com\/pilarsantfrancesc.es\/val\/wp-content\/uploads\/sites\/2\/2020\/05\/Portada-blog-post-Insignias2019-scaled.jpg?fit=2560%2C1808&ssl=1","jetpack-related-posts":[{"id":1128,"url":"https:\/\/pilarsantfrancesc.es\/val\/2020\/02\/03\/imposicio-de-linsignia-de-lagrupacio\/","url_meta":{"origin":104,"position":0},"title":"IMPOSICI\u00d3 DE L&#8217;INS\u00cdGNIA DE L&#8217;AGRUPACI\u00d3","author":"AEPSF","date":"3 Febrer, 2020","format":false,"excerpt":"(Val\u00e9ncia, 2.02.20)\u00a0El dumenge, va tindre lloc\u00a0l\u2019Imposici\u00f3 de l\u2019Ins\u00edgnia\u00a0del nostre Sector-Agrupaci\u00f3 de estes Falles 2020.\u00a0Se\u2019ls va imposar a totes les Falleres Majors, Falleres Majors Infantils i als Presidents Infantils i tamb\u00e9 als Presidents que presidixen per primera volta. L\u2019acte va tindre lloc en el Casal de la\u00a0Falla Ribera \u2013 Convent Santa\u2026","rel":"","context":"In &quot;Eixercici 2019-2020&quot;","block_context":{"text":"Eixercici 2019-2020","link":"https:\/\/pilarsantfrancesc.es\/val\/category\/eixercicis\/eixercici-2019-2020\/"},"img":{"alt_text":"","src":"https:\/\/i0.wp.com\/pilarsantfrancesc.es\/val\/wp-content\/uploads\/sites\/2\/2020\/02\/Portada_blog_Insignias2020-scaled.jpg?fit=1200%2C848&ssl=1&resize=350%2C200","width":350,"height":200,"srcset":"https:\/\/i0.wp.com\/pilarsantfrancesc.es\/val\/wp-content\/uploads\/sites\/2\/2020\/02\/Portada_blog_Insignias2020-scaled.jpg?fit=1200%2C848&ssl=1&resize=350%2C200 1x, https:\/\/i0.wp.com\/pilarsantfrancesc.es\/val\/wp-content\/uploads\/sites\/2\/2020\/02\/Portada_blog_Insignias2020-scaled.jpg?fit=1200%2C848&ssl=1&resize=525%2C300 1.5x, https:\/\/i0.wp.com\/pilarsantfrancesc.es\/val\/wp-content\/uploads\/sites\/2\/2020\/02\/Portada_blog_Insignias2020-scaled.jpg?fit=1200%2C848&ssl=1&resize=700%2C400 2x, https:\/\/i0.wp.com\/pilarsantfrancesc.es\/val\/wp-content\/uploads\/sites\/2\/2020\/02\/Portada_blog_Insignias2020-scaled.jpg?fit=1200%2C848&ssl=1&resize=1050%2C600 3x"},"classes":[]},{"id":252,"url":"https:\/\/pilarsantfrancesc.es\/val\/2019\/04\/15\/exaltacio-ffmm-2019\/","url_meta":{"origin":104,"position":1},"title":"EXALTACI\u00d3 FALLERES MAJORS 2019","author":"AEPSF","date":"15 Abril, 2019","format":false,"excerpt":"(Val\u00e9ncia, 13.04.2019) Este dissabte, va tindre lloc en l\u2019Hotel Silken Porta de Val\u00e9ncia, l\u2019Exaltaci\u00f3 de les Falleres Majors del 2019. La despedida va comen\u00e7ar una volta varen aplegar nostres components de la Cort d'Honor de la Fallera Major Infantil de Val\u00e9ncia, Mimpa Ferrer i Valls i Marta Garc\u00eda i Ca\u00f1adas\u2026","rel":"","context":"In &quot;Eixercici 2018-2019&quot;","block_context":{"text":"Eixercici 2018-2019","link":"https:\/\/pilarsantfrancesc.es\/val\/category\/eixercicis\/eixercici-2018-2019\/"},"img":{"alt_text":"","src":"https:\/\/i0.wp.com\/pilarsantfrancesc.es\/val\/wp-content\/uploads\/sites\/2\/2020\/05\/Portada-blog-post-Exaltaci%C3%B3n2019-scaled.jpg?fit=1200%2C848&ssl=1&resize=350%2C200","width":350,"height":200,"srcset":"https:\/\/i0.wp.com\/pilarsantfrancesc.es\/val\/wp-content\/uploads\/sites\/2\/2020\/05\/Portada-blog-post-Exaltaci%C3%B3n2019-scaled.jpg?fit=1200%2C848&ssl=1&resize=350%2C200 1x, https:\/\/i0.wp.com\/pilarsantfrancesc.es\/val\/wp-content\/uploads\/sites\/2\/2020\/05\/Portada-blog-post-Exaltaci%C3%B3n2019-scaled.jpg?fit=1200%2C848&ssl=1&resize=525%2C300 1.5x, https:\/\/i0.wp.com\/pilarsantfrancesc.es\/val\/wp-content\/uploads\/sites\/2\/2020\/05\/Portada-blog-post-Exaltaci%C3%B3n2019-scaled.jpg?fit=1200%2C848&ssl=1&resize=700%2C400 2x, https:\/\/i0.wp.com\/pilarsantfrancesc.es\/val\/wp-content\/uploads\/sites\/2\/2020\/05\/Portada-blog-post-Exaltaci%C3%B3n2019-scaled.jpg?fit=1200%2C848&ssl=1&resize=1050%2C600 3x"},"classes":[]},{"id":9391,"url":"https:\/\/pilarsantfrancesc.es\/val\/2023\/02\/02\/insignies-aepsf-2023\/","url_meta":{"origin":104,"position":2},"title":"IMPOSICI\u00d3 D&#8217;INS\u00cdGNIES I HOMENAGE A JAVIER TEBAR I VALERO","author":"AEPSF","date":"2 Febrer, 2023","format":false,"excerpt":"(Val\u00e9ncia, 29.01.2023): El dumenge, en el Casal de la Falla Ribera-Convent Santa Clara, despr\u00e9s del menjar que es va realisar en el Casal, va tindre lloc la Imposici\u00f3 de l'Ins\u00edgnia del Sector-Agrupaci\u00f3 i l'Homenage a Javier Tebar i Valero, pels seus 10 anys al front de la mateixa. L'acte d'ins\u00edgnies\u2026","rel":"","context":"In &quot;Eixercici 2022-2023&quot;","block_context":{"text":"Eixercici 2022-2023","link":"https:\/\/pilarsantfrancesc.es\/val\/category\/eixercicis\/eixercici-2022-2023\/"},"img":{"alt_text":"","src":"https:\/\/i0.wp.com\/pilarsantfrancesc.es\/val\/wp-content\/uploads\/sites\/2\/2023\/02\/NIC_3409-scaled.jpg?fit=1200%2C800&ssl=1&resize=350%2C200","width":350,"height":200,"srcset":"https:\/\/i0.wp.com\/pilarsantfrancesc.es\/val\/wp-content\/uploads\/sites\/2\/2023\/02\/NIC_3409-scaled.jpg?fit=1200%2C800&ssl=1&resize=350%2C200 1x, https:\/\/i0.wp.com\/pilarsantfrancesc.es\/val\/wp-content\/uploads\/sites\/2\/2023\/02\/NIC_3409-scaled.jpg?fit=1200%2C800&ssl=1&resize=525%2C300 1.5x, https:\/\/i0.wp.com\/pilarsantfrancesc.es\/val\/wp-content\/uploads\/sites\/2\/2023\/02\/NIC_3409-scaled.jpg?fit=1200%2C800&ssl=1&resize=700%2C400 2x, https:\/\/i0.wp.com\/pilarsantfrancesc.es\/val\/wp-content\/uploads\/sites\/2\/2023\/02\/NIC_3409-scaled.jpg?fit=1200%2C800&ssl=1&resize=1050%2C600 3x"},"classes":[]},{"id":8496,"url":"https:\/\/pilarsantfrancesc.es\/val\/2022\/02\/21\/imposicio-dinsignies-i-presentacio-llibret-2022\/","url_meta":{"origin":104,"position":3},"title":"IMPOSICI\u00d3 D&#8217;INS\u00cdGNIES I PRESENTACI\u00d3 DEL LLIBRET 2022","author":"AEPSF","date":"21 Febrer, 2022","format":false,"excerpt":"(Val\u00e9ncia, 20.02.2022): Ahir, en el Casal de la Falla Ribera-Convent Santa Clara, despr\u00e9s de la misa i l'ofrena que se va realisar en la Bas\u00edlica de la Verge dels Desamparats i, a continuaci\u00f3 del menjar en el Casal, va tindre lloc l'Imposici\u00f3 de l'Ins\u00edgnia del Sector-Agrupaci\u00f3 i la Presentaci\u00f3 del\u2026","rel":"","context":"In &quot;Eixercici 2021-2022&quot;","block_context":{"text":"Eixercici 2021-2022","link":"https:\/\/pilarsantfrancesc.es\/val\/category\/eixercicis\/eixercici-2021-2022\/"},"img":{"alt_text":"","src":"https:\/\/i0.wp.com\/pilarsantfrancesc.es\/val\/wp-content\/uploads\/sites\/2\/2022\/02\/llibret-e-insigneas-agrupacion-070-scaled.jpg?fit=1200%2C800&ssl=1&resize=350%2C200","width":350,"height":200,"srcset":"https:\/\/i0.wp.com\/pilarsantfrancesc.es\/val\/wp-content\/uploads\/sites\/2\/2022\/02\/llibret-e-insigneas-agrupacion-070-scaled.jpg?fit=1200%2C800&ssl=1&resize=350%2C200 1x, https:\/\/i0.wp.com\/pilarsantfrancesc.es\/val\/wp-content\/uploads\/sites\/2\/2022\/02\/llibret-e-insigneas-agrupacion-070-scaled.jpg?fit=1200%2C800&ssl=1&resize=525%2C300 1.5x, https:\/\/i0.wp.com\/pilarsantfrancesc.es\/val\/wp-content\/uploads\/sites\/2\/2022\/02\/llibret-e-insigneas-agrupacion-070-scaled.jpg?fit=1200%2C800&ssl=1&resize=700%2C400 2x, https:\/\/i0.wp.com\/pilarsantfrancesc.es\/val\/wp-content\/uploads\/sites\/2\/2022\/02\/llibret-e-insigneas-agrupacion-070-scaled.jpg?fit=1200%2C800&ssl=1&resize=1050%2C600 3x"},"classes":[]},{"id":857,"url":"https:\/\/pilarsantfrancesc.es\/val\/2019\/10\/15\/berenarinfantil2020\/","url_meta":{"origin":104,"position":4},"title":"\u00a1ELS NOSTRES INFANTILS YA ES CONEIXEN!","author":"AEPSF","date":"15 Octubre, 2019","format":false,"excerpt":"El dumenge, dia 13 d'octubre de 2019, un any m\u00e9s i al Casal de la Falla Bolseria Tros-Alt, va tindre lloc el berenar per a que els m\u00e0xims representants infantils de l'Agrupaci\u00f3, per fi, es conegueren. L'acte va comen\u00e7ar rebent a les Falleres Majors i Presidents Infantils de les distintes\u2026","rel":"","context":"In &quot;Eixercici 2019-2020&quot;","block_context":{"text":"Eixercici 2019-2020","link":"https:\/\/pilarsantfrancesc.es\/val\/category\/eixercicis\/eixercici-2019-2020\/"},"img":{"alt_text":"","src":"https:\/\/i0.wp.com\/pilarsantfrancesc.es\/val\/wp-content\/uploads\/sites\/2\/2020\/05\/Portada-blog-post-Infantiles2020-scaled.jpg?fit=1200%2C848&ssl=1&resize=350%2C200","width":350,"height":200,"srcset":"https:\/\/i0.wp.com\/pilarsantfrancesc.es\/val\/wp-content\/uploads\/sites\/2\/2020\/05\/Portada-blog-post-Infantiles2020-scaled.jpg?fit=1200%2C848&ssl=1&resize=350%2C200 1x, https:\/\/i0.wp.com\/pilarsantfrancesc.es\/val\/wp-content\/uploads\/sites\/2\/2020\/05\/Portada-blog-post-Infantiles2020-scaled.jpg?fit=1200%2C848&ssl=1&resize=525%2C300 1.5x, https:\/\/i0.wp.com\/pilarsantfrancesc.es\/val\/wp-content\/uploads\/sites\/2\/2020\/05\/Portada-blog-post-Infantiles2020-scaled.jpg?fit=1200%2C848&ssl=1&resize=700%2C400 2x, https:\/\/i0.wp.com\/pilarsantfrancesc.es\/val\/wp-content\/uploads\/sites\/2\/2020\/05\/Portada-blog-post-Infantiles2020-scaled.jpg?fit=1200%2C848&ssl=1&resize=1050%2C600 3x"},"classes":[]},{"id":9571,"url":"https:\/\/pilarsantfrancesc.es\/val\/2023\/03\/03\/presentacio-llibretaepsf-2023\/","url_meta":{"origin":104,"position":5},"title":"PRESENTACI\u00d3 LLIBRET AEPSF 2023","author":"AEPSF","date":"3 Mar\u00e7, 2023","format":false,"excerpt":"(Val\u00e9ncia, 28-02-2023) En el CCCC (Centre del Carmen de Cultura Contempor\u00e0nia) va tindre lloc a les 20:00 de la vesprada, la Presentaci\u00f3 del Llibret de l'any 2023. Pots vore-ho en este enlla\u00e7 Llibret AEPSF 2023. L'acte ho va presentar Inma Chuli\u00e0, delegada del sector i membre de la directiva que\u2026","rel":"","context":"In &quot;Eixercici 2022-2023&quot;","block_context":{"text":"Eixercici 2022-2023","link":"https:\/\/pilarsantfrancesc.es\/val\/category\/eixercicis\/eixercici-2022-2023\/"},"img":{"alt_text":"","src":"https:\/\/i0.wp.com\/pilarsantfrancesc.es\/val\/wp-content\/uploads\/sites\/2\/2023\/03\/NIC_4302-1-scaled.jpg?fit=1200%2C800&ssl=1&resize=350%2C200","width":350,"height":200,"srcset":"https:\/\/i0.wp.com\/pilarsantfrancesc.es\/val\/wp-content\/uploads\/sites\/2\/2023\/03\/NIC_4302-1-scaled.jpg?fit=1200%2C800&ssl=1&resize=350%2C200 1x, https:\/\/i0.wp.com\/pilarsantfrancesc.es\/val\/wp-content\/uploads\/sites\/2\/2023\/03\/NIC_4302-1-scaled.jpg?fit=1200%2C800&ssl=1&resize=525%2C300 1.5x, https:\/\/i0.wp.com\/pilarsantfrancesc.es\/val\/wp-content\/uploads\/sites\/2\/2023\/03\/NIC_4302-1-scaled.jpg?fit=1200%2C800&ssl=1&resize=700%2C400 2x, https:\/\/i0.wp.com\/pilarsantfrancesc.es\/val\/wp-content\/uploads\/sites\/2\/2023\/03\/NIC_4302-1-scaled.jpg?fit=1200%2C800&ssl=1&resize=1050%2C600 3x"},"classes":[]}],"jetpack_sharing_enabled":true,"_links":{"self":[{"href":"https:\/\/pilarsantfrancesc.es\/val\/wp-json\/wp\/v2\/posts\/104","targetHints":{"allow":["GET"]}}],"collection":[{"href":"https:\/\/pilarsantfrancesc.es\/val\/wp-json\/wp\/v2\/posts"}],"about":[{"href":"https:\/\/pilarsantfrancesc.es\/val\/wp-json\/wp\/v2\/types\/post"}],"author":[{"embeddable":true,"href":"https:\/\/pilarsantfrancesc.es\/val\/wp-json\/wp\/v2\/users\/1"}],"replies":[{"embeddable":true,"href":"https:\/\/pilarsantfrancesc.es\/val\/wp-json\/wp\/v2\/comments?post=104"}],"version-history":[{"count":0,"href":"https:\/\/pilarsantfrancesc.es\/val\/wp-json\/wp\/v2\/posts\/104\/revisions"}],"wp:featuredmedia":[{"embeddable":true,"href":"https:\/\/pilarsantfrancesc.es\/val\/wp-json\/wp\/v2\/media\/7064"}],"wp:attachment":[{"href":"https:\/\/pilarsantfrancesc.es\/val\/wp-json\/wp\/v2\/media?parent=104"}],"wp:term":[{"taxonomy":"category","embeddable":true,"href":"https:\/\/pilarsantfrancesc.es\/val\/wp-json\/wp\/v2\/categories?post=104"},{"taxonomy":"post_tag","embeddable":true,"href":"https:\/\/pilarsantfrancesc.es\/val\/wp-json\/wp\/v2\/tags?post=104"}],"curies":[{"name":"wp","href":"https:\/\/api.w.org\/{rel}","templated":true}]}}