{"id":15104,"date":"2026-03-06T14:00:21","date_gmt":"2026-03-06T13:00:21","guid":{"rendered":"https:\/\/pilarsantfrancesc.es\/val\/?p=15104"},"modified":"2026-04-24T14:17:18","modified_gmt":"2026-04-24T12:17:18","slug":"premis-llibret-2026-lo-rat-penat","status":"publish","type":"post","link":"https:\/\/pilarsantfrancesc.es\/val\/2026\/03\/06\/premis-llibret-2026-lo-rat-penat\/","title":{"rendered":"PREMIS LLIBRET 2026 LO RAT PENAT"},"content":{"rendered":"\n<h4 class=\"wp-block-heading\"><strong>SECCI\u00d3 GENERAL<\/strong><\/h4>\n\n\n\n<ul class=\"wp-block-list\">\n<li><strong>Premi Extraordinari Maximili\u00e0 Thous:<\/strong> FALLA SANT VICENT-PERIODISTE AZZATI de AMPAR CABRERA i SANF\u00c9LIX, &#8220;EL JOC DEL PODER&#8221;.<\/li>\n\n\n\n<li>Primer Premi Bernart i Baldov\u00ed: FALLA GUILLEM SOROLLA-RECAREDO de JOSEP NEBOT i T\u00c9BAR, &#8220;\u00a1DE CINE!&#8221;.<\/li>\n\n\n\n<li>Tercer Premi Emili Panach (Milo): FALLA RIBERA-CONVENT DE SANTA CLARA de MANUEL ANDR\u00c9S i ZARAPICO, &#8220;DESPERTA&#8221;.<\/li>\n\n\n\n<li>Segon Acc\u00e9ssit Josep Meli\u00e1 i Castell\u00f3: FALLA EN SENDRA-PLA\u00c7A COLL de RAMIR G\u00d3MEZ i GIM\u00c9NEZ, &#8220;HIST\u00d2RIES i TRADICIONS VALENCIANES&#8221;.<\/li>\n\n\n\n<li>Quart Acc\u00e9ssit Emili Panach (Milo): FALLA PEU DE LA CREU-EN JOAN DE VILARRASA de DON\u00cdS MARTIN i ALBIZ\u00daA, &#8220;ALE\u00d2RIA (LA COD\u00cdCIA DE LA M\u00c0GIA)&#8221;.<\/li>\n<\/ul>\n\n\n\n<h4 class=\"wp-block-heading\">SECCI\u00d3 NOVELL<\/h4>\n\n\n\n<ul class=\"wp-block-list\">\n<li>Quint Premi Josep Bea Izquierdo: FALLA BOLSERIA TROS-ALT de CRISTINA MART\u00cdNEZ CUENCA, &#8220;CARME&#8221;<\/li>\n<\/ul>\n\n\n\n<h4 class=\"wp-block-heading\">SECCI\u00d3 INFANTIL GENERAL<\/h4>\n\n\n\n<ul class=\"wp-block-list\">\n<li><strong>Premi Extraordinari Elena Casa i Ll\u00e0cer:<\/strong> FALLA SANT VICENT-PERIODISTE AZZATI de AMPAR CABRERA i SANF\u00c9LIX, &#8220;CANTA-LA, ESTIMA-LA, LA MEUA M\u00daSICA EN VALENCI\u00c0&#8221;.<\/li>\n\n\n\n<li>Segon Premi Anf\u00f3s Ram\u00f3n: FALLA RIBERA-CONVENT DE SANTA CLARA de MANUEL ANDR\u00c9S i ZARAPICO, &#8220;\u00a1MIRA QUI PINTA!&#8221;.<\/li>\n\n\n\n<li>Quint Premi Pere Delmonte: FALLA GUILLEM SOROLLA-RECAREDO de JOSEP NEBOT i T\u00c9BAR, &#8220;\u00a1EUREKA!&#8221;.<\/li>\n\n\n\n<li>Octau Acc\u00e9ssit Anf\u00f3s Ram\u00f3n: FALLA EN SENDRA-PLA\u00c7A COLL de RAMIR G\u00d3MEZ i GIM\u00c9NEZ, &#8220;UN CONTE \u00c9S LA VIDA&#8221;.<\/li>\n\n\n\n<li>Nov\u00e9 Acc\u00e9ssit Elena Casa i Ll\u00e1cer: FALLA PEU DE LA CREU &#8211; EN JOAN DE VILARRASA de DON\u00cdS MARTIN ALBIZ\u00daA, &#8220;EL M\u00d3N DEL QUE NO VULLC DESPERTAR&#8221;.<\/li>\n<\/ul>\n\n\n\n<h4 class=\"wp-block-heading\">SECCI\u00d3 INFANTIL NOVELL<\/h4>\n\n\n\n<ul class=\"wp-block-list\">\n<li>Prime Premi Ra\u00fal Alapont: FALLA BOLSERIA TROS-ALT de CRISTINA MART\u00cdNEZ CUENCA, &#8220;BATALLES DE COMUNITAT, BATALLES DE PAU&#8221;.<\/li>\n<\/ul>\n\n\n\n<p>\u00a1Enhorabona a tots!<\/p>\n\n\n\n<p><a href=\"https:\/\/pilarsantfrancesc.es\/val\/wp-content\/uploads\/sites\/2\/2026\/04\/Acta-Concurs-Llibrets-2026-Lo-Rat-Penat.pdf\" target=\"_blank\" rel=\"noopener nofollow\" title=\"ACTA CONCURS LLIBRET LO RAT PENAT 2026\">ACTA CONCURS LLIBRET LO RAT PENAT 2026<\/a><\/p>\n","protected":false},"excerpt":{"rendered":"<p>SECCI\u00d3 GENERAL SECCI\u00d3 NOVELL SECCI\u00d3 INFANTIL GENERAL SECCI\u00d3 INFANTIL NOVELL \u00a1Enhorabona a tots! ACTA CONCURS LLIBRET LO RAT PENAT 2026<\/p>\n","protected":false},"author":1,"featured_media":15105,"comment_status":"closed","ping_status":"open","sticky":false,"template":"","format":"standard","meta":{"_monsterinsights_skip_tracking":false,"_monsterinsights_sitenote_active":false,"_monsterinsights_sitenote_note":"","_monsterinsights_sitenote_category":0,"jetpack_post_was_ever_published":false,"_jetpack_newsletter_access":"","_jetpack_dont_email_post_to_subs":false,"_jetpack_newsletter_tier_id":0,"_jetpack_memberships_contains_paywalled_content":false,"_jetpack_memberships_contains_paid_content":false,"footnotes":""},"categories":[161,3],"tags":[162,163,42,43,29],"class_list":["post-15104","post","type-post","status-publish","format-standard","has-post-thumbnail","hentry","category-eixercici-2025-2026","category-eixercicis","tag-aepsf26","tag-falles2026","tag-llibret","tag-loratpenat","tag-premis"],"aioseo_notices":[],"jetpack_featured_media_url":"https:\/\/i0.wp.com\/pilarsantfrancesc.es\/val\/wp-content\/uploads\/sites\/2\/2026\/04\/escudo-loratpenat.jpg?fit=2048%2C1446&ssl=1","jetpack-related-posts":[{"id":127,"url":"https:\/\/pilarsantfrancesc.es\/val\/2019\/03\/06\/lo-rat-penat-2019\/","url_meta":{"origin":15104,"position":0},"title":"FALLO DEL CONCURS DE LLIBRETS DE FALLA LO RAT PENAT 2019","author":"AEPSF","date":"6 Mar\u00e7, 2019","format":false,"excerpt":"(Val\u00e9ncia, 5.03.2019): Ahir per la nit va tindre lloc la llectura del\u00a0Fallo del Concurs dels Llibrets de Falla de Lo Rat Penat.\u00a0Enguany s\u2019ha tornat a conseguir un nou r\u00e9cort de participaci\u00f3, ya que les Comissions Falleres han presentat un total de 303 llibrets per a competir en les diverses seccions\u2026","rel":"","context":"In &quot;Eixercici 2018-2019&quot;","block_context":{"text":"Eixercici 2018-2019","link":"https:\/\/pilarsantfrancesc.es\/val\/category\/eixercicis\/eixercici-2018-2019\/"},"img":{"alt_text":"","src":"https:\/\/i0.wp.com\/pilarsantfrancesc.es\/val\/wp-content\/uploads\/sites\/2\/2023\/11\/escudo-loratpenat.jpg?fit=1200%2C847&ssl=1&resize=350%2C200","width":350,"height":200,"srcset":"https:\/\/i0.wp.com\/pilarsantfrancesc.es\/val\/wp-content\/uploads\/sites\/2\/2023\/11\/escudo-loratpenat.jpg?fit=1200%2C847&ssl=1&resize=350%2C200 1x, https:\/\/i0.wp.com\/pilarsantfrancesc.es\/val\/wp-content\/uploads\/sites\/2\/2023\/11\/escudo-loratpenat.jpg?fit=1200%2C847&ssl=1&resize=525%2C300 1.5x, https:\/\/i0.wp.com\/pilarsantfrancesc.es\/val\/wp-content\/uploads\/sites\/2\/2023\/11\/escudo-loratpenat.jpg?fit=1200%2C847&ssl=1&resize=700%2C400 2x, https:\/\/i0.wp.com\/pilarsantfrancesc.es\/val\/wp-content\/uploads\/sites\/2\/2023\/11\/escudo-loratpenat.jpg?fit=1200%2C847&ssl=1&resize=1050%2C600 3x"},"classes":[]},{"id":13168,"url":"https:\/\/pilarsantfrancesc.es\/val\/2025\/03\/06\/premis-llibret-2025-loratpenat\/","url_meta":{"origin":15104,"position":1},"title":"PREMIS LLIBRET 2025 LO RAT PENAT","author":"imacuchc","date":"6 Mar\u00e7, 2025","format":false,"excerpt":"SECCI\u00d3 GENERAL Premi Extraordinari Almela i Vives: FALLA SANT VICENT-PERIODISTE AZZATI i PADILLA de AMPAR CABRERA i SANF\u00c9LIX, \"EQUILIBRI\". Premi Primer Maximili\u00e0 Thous: FALLA GUILLEM SOROLLA i RECAREDO de JOSEP NEBOT I T\u00c9BAR, \"\u00a1UNA NIT EN VELLUTERS!\". Premi Primer Andr\u00e9s Cabrelles: FALLA PEU DE LA CREU-EN JOAN DE VILARRASA de\u2026","rel":"","context":"In &quot;Eixercici 2024-2025&quot;","block_context":{"text":"Eixercici 2024-2025","link":"https:\/\/pilarsantfrancesc.es\/val\/category\/eixercicis\/eixercici-2024-2025\/"},"img":{"alt_text":"","src":"https:\/\/i0.wp.com\/pilarsantfrancesc.es\/val\/wp-content\/uploads\/sites\/2\/2023\/11\/escudo-loratpenat.jpg?fit=1200%2C847&ssl=1&resize=350%2C200","width":350,"height":200,"srcset":"https:\/\/i0.wp.com\/pilarsantfrancesc.es\/val\/wp-content\/uploads\/sites\/2\/2023\/11\/escudo-loratpenat.jpg?fit=1200%2C847&ssl=1&resize=350%2C200 1x, https:\/\/i0.wp.com\/pilarsantfrancesc.es\/val\/wp-content\/uploads\/sites\/2\/2023\/11\/escudo-loratpenat.jpg?fit=1200%2C847&ssl=1&resize=525%2C300 1.5x, https:\/\/i0.wp.com\/pilarsantfrancesc.es\/val\/wp-content\/uploads\/sites\/2\/2023\/11\/escudo-loratpenat.jpg?fit=1200%2C847&ssl=1&resize=700%2C400 2x, https:\/\/i0.wp.com\/pilarsantfrancesc.es\/val\/wp-content\/uploads\/sites\/2\/2023\/11\/escudo-loratpenat.jpg?fit=1200%2C847&ssl=1&resize=1050%2C600 3x"},"classes":[]},{"id":6911,"url":"https:\/\/pilarsantfrancesc.es\/val\/2020\/03\/06\/fallo-del-concurs-de-llibrets-de-falla-2020-lo-rat-penat\/","url_meta":{"origin":15104,"position":2},"title":"FALLO DEL CONCURS DE LLIBRETS DE FALLA 2020 LO RAT PENAT","author":"AEPSF","date":"6 Mar\u00e7, 2020","format":false,"excerpt":"Ahir va tender lloc una volta m\u00e9s en la Ciutat de l'Artista Faller la llectura del Fallo del Jurat del Concurs de Llibrets de Falla 2020 de Lo Rat Penat i pel que fa a la nostra Agrupaci\u00f3, estos han sigut els premiats: SECCI\u00d3 GENERAL EXTRAORDINARI MAXIMILI\u00c0 THOUS (250\u20ac y\u2026","rel":"","context":"In &quot;Eixercici 2019-2020&quot;","block_context":{"text":"Eixercici 2019-2020","link":"https:\/\/pilarsantfrancesc.es\/val\/category\/eixercicis\/eixercici-2019-2020\/"},"img":{"alt_text":"","src":"https:\/\/i0.wp.com\/pilarsantfrancesc.es\/val\/wp-content\/uploads\/sites\/2\/2023\/11\/escudo-loratpenat.jpg?fit=1200%2C847&ssl=1&resize=350%2C200","width":350,"height":200,"srcset":"https:\/\/i0.wp.com\/pilarsantfrancesc.es\/val\/wp-content\/uploads\/sites\/2\/2023\/11\/escudo-loratpenat.jpg?fit=1200%2C847&ssl=1&resize=350%2C200 1x, https:\/\/i0.wp.com\/pilarsantfrancesc.es\/val\/wp-content\/uploads\/sites\/2\/2023\/11\/escudo-loratpenat.jpg?fit=1200%2C847&ssl=1&resize=525%2C300 1.5x, https:\/\/i0.wp.com\/pilarsantfrancesc.es\/val\/wp-content\/uploads\/sites\/2\/2023\/11\/escudo-loratpenat.jpg?fit=1200%2C847&ssl=1&resize=700%2C400 2x, https:\/\/i0.wp.com\/pilarsantfrancesc.es\/val\/wp-content\/uploads\/sites\/2\/2023\/11\/escudo-loratpenat.jpg?fit=1200%2C847&ssl=1&resize=1050%2C600 3x"},"classes":[]},{"id":11860,"url":"https:\/\/pilarsantfrancesc.es\/val\/2024\/03\/08\/fallo-concurs-llibrets-de-falla-2024-de-lo-rat-penat\/","url_meta":{"origin":15104,"position":3},"title":"FALLO CONCURS LLIBRETS DE FALLA 2024 DE LO RAT PENAT","author":"AEPSF","date":"8 Mar\u00e7, 2024","format":false,"excerpt":"SECCI\u00d3 GENERAL Falla Peu de la Creu - En Joan de Vilarrasa: EXTRAORDINARI \"ALMELA i VIVES\" de Don\u00eds Mart\u00edn i Albizua en el Lema \"150\". Falla Sant Vicent - Periodiste Azzati: Primer \"ANDR\u00c9S CABRELLES\" de Ampar Cabrera i Sanf\u00e9lix en el Lema \"Mar de Fondo\". Falla Guillem Sorolla i Recaredo:\u2026","rel":"","context":"In &quot;Eixercici 2023-2024&quot;","block_context":{"text":"Eixercici 2023-2024","link":"https:\/\/pilarsantfrancesc.es\/val\/category\/eixercicis\/eixercici-2023-2024\/"},"img":{"alt_text":"","src":"https:\/\/i0.wp.com\/pilarsantfrancesc.es\/val\/wp-content\/uploads\/sites\/2\/2023\/11\/escudo-loratpenat.jpg?fit=1200%2C847&ssl=1&resize=350%2C200","width":350,"height":200,"srcset":"https:\/\/i0.wp.com\/pilarsantfrancesc.es\/val\/wp-content\/uploads\/sites\/2\/2023\/11\/escudo-loratpenat.jpg?fit=1200%2C847&ssl=1&resize=350%2C200 1x, https:\/\/i0.wp.com\/pilarsantfrancesc.es\/val\/wp-content\/uploads\/sites\/2\/2023\/11\/escudo-loratpenat.jpg?fit=1200%2C847&ssl=1&resize=525%2C300 1.5x, https:\/\/i0.wp.com\/pilarsantfrancesc.es\/val\/wp-content\/uploads\/sites\/2\/2023\/11\/escudo-loratpenat.jpg?fit=1200%2C847&ssl=1&resize=700%2C400 2x, https:\/\/i0.wp.com\/pilarsantfrancesc.es\/val\/wp-content\/uploads\/sites\/2\/2023\/11\/escudo-loratpenat.jpg?fit=1200%2C847&ssl=1&resize=1050%2C600 3x"},"classes":[]},{"id":8555,"url":"https:\/\/pilarsantfrancesc.es\/val\/2022\/03\/04\/premis-lo-rat-penat-2022\/","url_meta":{"origin":15104,"position":4},"title":"FALLO DEL CONCURS DE LLIBRETS DE FALLA 2022 DE LO RAT PENAT","author":"AEPSF","date":"4 Mar\u00e7, 2022","format":false,"excerpt":"El dia 4 de mar\u00e7 de 2022 va tindre lloc la llectura dels premis del concurs de Llibrets de Falla organisat per Lo Rat Penat. Els premiats de nostra Agrupaci\u00f3 han segut els seg\u00fcents: SECCI\u00d3 GENERAL Falla San Vicent-Periodiste Azzati: Extraordinari \"ALMELA I VIVES\" en \"Almorzar Valenci\u00e0\" de Ampar Cabrera\u2026","rel":"","context":"In &quot;Eixercici 2021-2022&quot;","block_context":{"text":"Eixercici 2021-2022","link":"https:\/\/pilarsantfrancesc.es\/val\/category\/eixercicis\/eixercici-2021-2022\/"},"img":{"alt_text":"","src":"https:\/\/i0.wp.com\/pilarsantfrancesc.es\/val\/wp-content\/uploads\/sites\/2\/2023\/11\/escudo-loratpenat.jpg?fit=1200%2C847&ssl=1&resize=350%2C200","width":350,"height":200,"srcset":"https:\/\/i0.wp.com\/pilarsantfrancesc.es\/val\/wp-content\/uploads\/sites\/2\/2023\/11\/escudo-loratpenat.jpg?fit=1200%2C847&ssl=1&resize=350%2C200 1x, https:\/\/i0.wp.com\/pilarsantfrancesc.es\/val\/wp-content\/uploads\/sites\/2\/2023\/11\/escudo-loratpenat.jpg?fit=1200%2C847&ssl=1&resize=525%2C300 1.5x, https:\/\/i0.wp.com\/pilarsantfrancesc.es\/val\/wp-content\/uploads\/sites\/2\/2023\/11\/escudo-loratpenat.jpg?fit=1200%2C847&ssl=1&resize=700%2C400 2x, https:\/\/i0.wp.com\/pilarsantfrancesc.es\/val\/wp-content\/uploads\/sites\/2\/2023\/11\/escudo-loratpenat.jpg?fit=1200%2C847&ssl=1&resize=1050%2C600 3x"},"classes":[]},{"id":9583,"url":"https:\/\/pilarsantfrancesc.es\/val\/2023\/03\/08\/premis-loratpenat-2023\/","url_meta":{"origin":15104,"position":5},"title":"FALLO CONCURS LLIBRETS DE FALLA 2023 DE LO RAT PENAT","author":"AEPSF","date":"8 Mar\u00e7, 2023","format":false,"excerpt":"El dia 7 de mar\u00e7 de 2023 va tindre lloc la llectura dels premis del concurs de Llibrets de Falla organisat per Lo Rat Penat. Els premiats de la nostra Agrupaci\u00f3 han segut els seg\u00fcents: SECCI\u00d3 GENERAL Falla Pla\u00e7a del Pilar: Extraordinari \"ANDR\u00c9S CABRELLES\" en \"SOBREVIUREM\" de Rafael Meli\u00e1 i\u2026","rel":"","context":"In &quot;Eixercici 2022-2023&quot;","block_context":{"text":"Eixercici 2022-2023","link":"https:\/\/pilarsantfrancesc.es\/val\/category\/eixercicis\/eixercici-2022-2023\/"},"img":{"alt_text":"","src":"https:\/\/i0.wp.com\/pilarsantfrancesc.es\/val\/wp-content\/uploads\/sites\/2\/2023\/11\/escudo-loratpenat.jpg?fit=1200%2C847&ssl=1&resize=350%2C200","width":350,"height":200,"srcset":"https:\/\/i0.wp.com\/pilarsantfrancesc.es\/val\/wp-content\/uploads\/sites\/2\/2023\/11\/escudo-loratpenat.jpg?fit=1200%2C847&ssl=1&resize=350%2C200 1x, https:\/\/i0.wp.com\/pilarsantfrancesc.es\/val\/wp-content\/uploads\/sites\/2\/2023\/11\/escudo-loratpenat.jpg?fit=1200%2C847&ssl=1&resize=525%2C300 1.5x, https:\/\/i0.wp.com\/pilarsantfrancesc.es\/val\/wp-content\/uploads\/sites\/2\/2023\/11\/escudo-loratpenat.jpg?fit=1200%2C847&ssl=1&resize=700%2C400 2x, https:\/\/i0.wp.com\/pilarsantfrancesc.es\/val\/wp-content\/uploads\/sites\/2\/2023\/11\/escudo-loratpenat.jpg?fit=1200%2C847&ssl=1&resize=1050%2C600 3x"},"classes":[]}],"jetpack_sharing_enabled":true,"_links":{"self":[{"href":"https:\/\/pilarsantfrancesc.es\/val\/wp-json\/wp\/v2\/posts\/15104","targetHints":{"allow":["GET"]}}],"collection":[{"href":"https:\/\/pilarsantfrancesc.es\/val\/wp-json\/wp\/v2\/posts"}],"about":[{"href":"https:\/\/pilarsantfrancesc.es\/val\/wp-json\/wp\/v2\/types\/post"}],"author":[{"embeddable":true,"href":"https:\/\/pilarsantfrancesc.es\/val\/wp-json\/wp\/v2\/users\/1"}],"replies":[{"embeddable":true,"href":"https:\/\/pilarsantfrancesc.es\/val\/wp-json\/wp\/v2\/comments?post=15104"}],"version-history":[{"count":3,"href":"https:\/\/pilarsantfrancesc.es\/val\/wp-json\/wp\/v2\/posts\/15104\/revisions"}],"predecessor-version":[{"id":15110,"href":"https:\/\/pilarsantfrancesc.es\/val\/wp-json\/wp\/v2\/posts\/15104\/revisions\/15110"}],"wp:featuredmedia":[{"embeddable":true,"href":"https:\/\/pilarsantfrancesc.es\/val\/wp-json\/wp\/v2\/media\/15105"}],"wp:attachment":[{"href":"https:\/\/pilarsantfrancesc.es\/val\/wp-json\/wp\/v2\/media?parent=15104"}],"wp:term":[{"taxonomy":"category","embeddable":true,"href":"https:\/\/pilarsantfrancesc.es\/val\/wp-json\/wp\/v2\/categories?post=15104"},{"taxonomy":"post_tag","embeddable":true,"href":"https:\/\/pilarsantfrancesc.es\/val\/wp-json\/wp\/v2\/tags?post=15104"}],"curies":[{"name":"wp","href":"https:\/\/api.w.org\/{rel}","templated":true}]}}