{"id":15111,"date":"2026-04-20T20:39:51","date_gmt":"2026-04-20T18:39:51","guid":{"rendered":"https:\/\/pilarsantfrancesc.es\/val\/?p=15111"},"modified":"2026-05-01T22:00:35","modified_gmt":"2026-05-01T20:00:35","slug":"paellas-agrupacion-pilar-sant-francesc-2026","status":"publish","type":"post","link":"https:\/\/pilarsantfrancesc.es\/val\/2026\/04\/20\/paellas-agrupacion-pilar-sant-francesc-2026\/","title":{"rendered":"Paelles Agrupaci\u00f2 Pilar Sant Francesc 2026"},"content":{"rendered":"\n<p style=\"text-align:justify\"><strong>(Valencia, 19.4.2026):<\/strong> El passat 19 d&#8217;abril vivim un d&#8217;eixos dies que fan gran nostra festa. La Pla\u00e7a *Viriato es va omplir d&#8217;ambient, rialles i olor a paella en la celebraci\u00f3 de les paelles de l&#8217;Agrupaci\u00f3 del Pilar-Sant Francesc, en una jornada pensada per a gojar i compartir l&#8217;aut\u00e8ntica germanor fallera.\n\nProp de 900 persones nos reunim per a passar un dia inoblidable, en el que no va faltar de res. M\u00e9s de 40 paelles varen ser prenent forma entre charrades, brindis i bon ambient, mentres els m\u00e9s menuts ho passaven en gran en pintacaras i globoflexia.\n\nAdem\u00e9s, durant la jornada es va celebrar una rifa gr\u00e0cies a la colaboraci\u00f3 de ROA, Sent Val\u00e9ncia i \u00c1lvaro Moliner, a els qui volem agrair la seua implicaci\u00f3 en l&#8217;agrupaci\u00f3. Els premis varen ser una botella d&#8217;aigua de Val\u00e9ncia, un tall per a un cosset i un tall de tela per a un trage, que varen fer encara m\u00e9s especial el dia.\n\nVolem donar un agra\u00efment molt especial a les falles d&#8217;En Sendra i En Plom, que varen fer possible que tot estiguera a punt per a que solament tingu\u00e9rem que preocupar-nos de gojar.\n\nGr\u00e0cies tamb\u00e9 a totes les comissiones participants i a la directiva de l&#8217;agrupaci\u00f3 per la seua implicaci\u00f3 i treball. Dies com a est s\u00f3n els que nos recorden per qu\u00e9 les Falles s\u00f3n molt m\u00e9s que una festa.\n\n<\/p>\n\n\n\n<figure class=\"wp-block-gallery has-nested-images columns-2 is-cropped wp-block-gallery-1 is-layout-flex wp-block-gallery-is-layout-flex\">\n<figure class=\"wp-block-image size-large\"><img decoding=\"async\" src=\"https:\/\/lh3.googleusercontent.com\/pw\/AP1GczN2F9NJOZI1ozMUW-aN0daqRRN5z_EZhIb5uNHOPswmkcHVnxw81a0RVJXoEf48UQED565O9ZrQ6FJyqD2R8jCzq2HeYoxVxizFmFknV54ON5adwEj1Rxg2ehJyJvpy76xfoH4vF4h8YwqagA__q-C_fw=w758-h948-s-no-gm?authuser=1\" alt=\"\" \/><\/figure>\n\n\n\n<figure class=\"wp-block-image size-large\"><img decoding=\"async\" src=\"https:\/\/lh3.googleusercontent.com\/pw\/AP1GczMdeKiJi4fT754y06G2btE19BsmthIMcjqORWFbhqnaykEun4ad0zL2jJbf3M-6XH5zw3xqnuxFG02a97mcp_U5xpgDLjVZqTmsPc-7gLa3Lc3Ku5qtqa_EtU93c1CCk2zC59HpSVQGIFxmckrJA5PVIg=w759-h948-s-no-gm?authuser=1\" alt=\"\" \/><\/figure>\n<\/figure>\n\n\n\n<hr class=\"wp-block-separator has-alpha-channel-opacity\" \/>\n\n\n\n<figure class=\"wp-block-gallery has-nested-images columns-default is-cropped wp-block-gallery-2 is-layout-flex wp-block-gallery-is-layout-flex\">\n<figure class=\"wp-block-image size-large\"><img decoding=\"async\" src=\"https:\/\/lh3.googleusercontent.com\/pw\/AP1GczPr0tXtW4xwTDzCnTeZEZUJJpmDsU6NwWfJV8VpMO-DXzHfqjCMDJ9sbtB1yMG5W2gYGLj9Bpc3I_69XGqSs1-mdi8XDwLQuunDC1kap_yov9AOBCGeAcrpxXOVvlON_0WMfOgtoxbLYMPke-ddFspfBQ=w758-h948-s-no-gm?authuser=1\" alt=\"\" \/><\/figure>\n\n\n\n<figure class=\"wp-block-image size-large\"><img decoding=\"async\" src=\"https:\/\/lh3.googleusercontent.com\/pw\/AP1GczOBP9RDT5NqQN8hKdZ49bpjKNe-tkRMMOKtEh2SgbC61suLTd-8QthQ6CBVK34ouaQTZntX1k0Qpa_HS-XzkItb4nkn-vNRiFr1K7bRFWw3iSKrozm9m5nn-LUTgQ9THOOZezqDE7LiHZ76jDNZVmGDvw=w758-h948-s-no-gm?authuser=1\" alt=\"\" \/><\/figure>\n<\/figure>\n\n\n\n<figure class=\"wp-block-image size-large\"><img decoding=\"async\" src=\"https:\/\/lh3.googleusercontent.com\/pw\/AP1GczPio5rAp5HO6dz2KumEW3Ga-vSnoPG2dOpf0Ago5FgjBN2RElqJxuniGj1qhI4kWeQUMd06CQv4-b89NqS87hiRAiS9LVO6U3w-2W1a9OAUxmEFeUwITcgzjQX3WhaD8i8y5JvBKcaaSHt9rG12lUL6Uw=w1152-h648-s-no-gm?authuser=1\" alt=\"\" \/><\/figure>\n\n\n\n<hr class=\"wp-block-separator has-alpha-channel-opacity\" \/>\n\n\n\n&lt;p style=&quot;text-align:justify&quot; Des d&#039;estes ll\u00ednees, volem agrair el treball de tota la Directiva de l&#039;Agrupaci\u00f3 per poder portar a terme este acte que esperem que fora de l&#039;agrade de tots els presents. \u00a1Gr\u00e0cies per vindre!<p>\n\n\n\n<p><a href=\"https:\/\/photos.app.goo.gl\/mqVyeM7HUMoMY1sn8\" target=\"_blank\" rel=\"noopener nofollow\" title=\"\">Ac\u00ed<\/a> pots trobar mes fotos.<\/p>\n\n\n\n<p><\/p>\n","protected":false},"excerpt":{"rendered":"<p>(Valencia, 19.4.2026): El passat 19 d&#8217;abril vivim un d&#8217;eixos dies que fan gran nostra festa. La Pla\u00e7a *Viriato es va omplir d&#8217;ambient, rialles i olor a paella en la celebraci\u00f3 de les paelles de l&#8217;Agrupaci\u00f3 del Pilar-Sant Francesc, en una jornada pensada per a gojar i compartir l&#8217;aut\u00e8ntica germanor fallera. Prop de 900 persones nos [&hellip;]<\/p>\n","protected":false},"author":132,"featured_media":15120,"comment_status":"closed","ping_status":"open","sticky":false,"template":"","format":"standard","meta":{"_monsterinsights_skip_tracking":false,"_monsterinsights_sitenote_active":false,"_monsterinsights_sitenote_note":"","_monsterinsights_sitenote_category":0,"jetpack_post_was_ever_published":false,"_jetpack_newsletter_access":"","_jetpack_dont_email_post_to_subs":false,"_jetpack_newsletter_tier_id":0,"_jetpack_memberships_contains_paywalled_content":false,"_jetpack_memberships_contains_paid_content":false,"footnotes":""},"categories":[161,3],"tags":[163,164],"class_list":["post-15111","post","type-post","status-publish","format-standard","has-post-thumbnail","hentry","category-eixercici-2025-2026","category-eixercicis","tag-falles2026","tag-sepsf26"],"aioseo_notices":[],"jetpack_featured_media_url":"https:\/\/i0.wp.com\/pilarsantfrancesc.es\/val\/wp-content\/uploads\/sites\/2\/2026\/04\/Captura-de-pantalla-2026-04-29-214649.jpg?fit=537%2C674&ssl=1","jetpack-related-posts":[{"id":15115,"url":"https:\/\/pilarsantfrancesc.es\/val\/2026\/04\/27\/primeros-campeonatos-agrupacion\/","url_meta":{"origin":15111,"position":0},"title":"CAMPEONATS AGRUPACI\u00d3 Pilar Sant Francesc 2026","author":"Jes\u00fas","date":"27 Abril, 2026","format":false,"excerpt":"(Valencia, 26.04.2026): El passat 26 d'Abril vivim una d'eixes jornades que unixen encara m\u00e9s a la nostra agrupaci\u00f3: el campeonat de truc i *parch\u00eds celebrat en el casal de la Falla En Plom i Guillem de Castro. Va ser un dia de conviv\u00e8ncia, companyonia i molt ambient faller entre comissions\u2026","rel":"","context":"In &quot;Eixercici 2025-2026&quot;","block_context":{"text":"Eixercici 2025-2026","link":"https:\/\/pilarsantfrancesc.es\/val\/category\/eixercicis\/eixercici-2025-2026\/"},"img":{"alt_text":"","src":"https:\/\/i0.wp.com\/pilarsantfrancesc.es\/val\/wp-content\/uploads\/sites\/2\/2026\/05\/Captura-de-pantalla-2026-04-29-214729.jpg?fit=480%2C683&ssl=1&resize=350%2C200","width":350,"height":200},"classes":[]},{"id":13417,"url":"https:\/\/pilarsantfrancesc.es\/val\/2025\/12\/19\/cena-de-navidad-agrupacion-el-pilar-sant-francesc\/","url_meta":{"origin":15111,"position":1},"title":"SOPAR DE NADAL AGRUPACI\u00d3 EL PILAR SANT FRANCESC","author":"Jes\u00fas","date":"19 Decembre, 2025","format":false,"excerpt":"(Val\u00e9ncia, 17.12.2025): El passat dimecres 17 de decembre, l'Agrupaci\u00f3 El Pilar Sant Francesc va celebrar el seu ya tradicional Sopar de Nadal en el casal de la Falla Avinguda de l'Oest; una trobada molt esperada que va reunir representants, familiars i amics en un ambient marcat per la cordialitat, l'alegria\u2026","rel":"","context":"In &quot;Eixercici 2025-2026&quot;","block_context":{"text":"Eixercici 2025-2026","link":"https:\/\/pilarsantfrancesc.es\/val\/category\/eixercicis\/eixercici-2025-2026\/"},"img":{"alt_text":"","src":"https:\/\/i0.wp.com\/pilarsantfrancesc.es\/val\/wp-content\/uploads\/sites\/2\/2025\/12\/WhatsApp-Image-2025-12-19-at-18.35.49-1.jpeg?fit=1200%2C900&ssl=1&resize=350%2C200","width":350,"height":200,"srcset":"https:\/\/i0.wp.com\/pilarsantfrancesc.es\/val\/wp-content\/uploads\/sites\/2\/2025\/12\/WhatsApp-Image-2025-12-19-at-18.35.49-1.jpeg?fit=1200%2C900&ssl=1&resize=350%2C200 1x, https:\/\/i0.wp.com\/pilarsantfrancesc.es\/val\/wp-content\/uploads\/sites\/2\/2025\/12\/WhatsApp-Image-2025-12-19-at-18.35.49-1.jpeg?fit=1200%2C900&ssl=1&resize=525%2C300 1.5x, https:\/\/i0.wp.com\/pilarsantfrancesc.es\/val\/wp-content\/uploads\/sites\/2\/2025\/12\/WhatsApp-Image-2025-12-19-at-18.35.49-1.jpeg?fit=1200%2C900&ssl=1&resize=700%2C400 2x, https:\/\/i0.wp.com\/pilarsantfrancesc.es\/val\/wp-content\/uploads\/sites\/2\/2025\/12\/WhatsApp-Image-2025-12-19-at-18.35.49-1.jpeg?fit=1200%2C900&ssl=1&resize=1050%2C600 3x"},"classes":[]},{"id":13397,"url":"https:\/\/pilarsantfrancesc.es\/val\/2025\/11\/16\/ii-campeonato-de-futbolin-el-pilar-sant-francesc\/","url_meta":{"origin":15111,"position":2},"title":"II CAMPEONAT DE FUTBOL\u00cd EL PILAR SANT FRANCESC","author":"Jes\u00fas","date":"16 Novembre, 2025","format":false,"excerpt":"(Val\u00e9ncia, 16.11.2025) En el Casal de la Falla Pla\u00e7a del Pilar es va disputar el II Campeonat de Futbol\u00ed de l'Agrupaci\u00f3 El Pilar Sant Francesc en el qual solament podia quedar una parella. I com en tot bon campeonat, lo primer era repondre forces per al gran dia. Despr\u00e9s d'una\u2026","rel":"","context":"In &quot;Eixercici 2025-2026&quot;","block_context":{"text":"Eixercici 2025-2026","link":"https:\/\/pilarsantfrancesc.es\/val\/category\/eixercicis\/eixercici-2025-2026\/"},"img":{"alt_text":"","src":"https:\/\/i0.wp.com\/pilarsantfrancesc.es\/val\/wp-content\/uploads\/sites\/2\/2025\/11\/WhatsApp-Image-2025-11-16-at-18.26.58-1.jpg?fit=1200%2C900&ssl=1&resize=350%2C200","width":350,"height":200,"srcset":"https:\/\/i0.wp.com\/pilarsantfrancesc.es\/val\/wp-content\/uploads\/sites\/2\/2025\/11\/WhatsApp-Image-2025-11-16-at-18.26.58-1.jpg?fit=1200%2C900&ssl=1&resize=350%2C200 1x, https:\/\/i0.wp.com\/pilarsantfrancesc.es\/val\/wp-content\/uploads\/sites\/2\/2025\/11\/WhatsApp-Image-2025-11-16-at-18.26.58-1.jpg?fit=1200%2C900&ssl=1&resize=525%2C300 1.5x, https:\/\/i0.wp.com\/pilarsantfrancesc.es\/val\/wp-content\/uploads\/sites\/2\/2025\/11\/WhatsApp-Image-2025-11-16-at-18.26.58-1.jpg?fit=1200%2C900&ssl=1&resize=700%2C400 2x, https:\/\/i0.wp.com\/pilarsantfrancesc.es\/val\/wp-content\/uploads\/sites\/2\/2025\/11\/WhatsApp-Image-2025-11-16-at-18.26.58-1.jpg?fit=1200%2C900&ssl=1&resize=1050%2C600 3x"},"classes":[]},{"id":13361,"url":"https:\/\/pilarsantfrancesc.es\/val\/2025\/11\/02\/halloween-2026\/","url_meta":{"origin":15111,"position":3},"title":"HALLOWEEN 2025","author":"Jes\u00fas","date":"2 Novembre, 2025","format":false,"excerpt":"(Valencia, 31.10.2025) Divendres passat dia 31, va ser una vesprada terror\u00edfica per als nostres xiquets de l'Agrupaci\u00f3 Pilar Sant Francesc, que al costat dels seus m\u00e0xims representants van voler passar una vesprada de por, plena de diversi\u00f3 al costat dels seus amics de l'Agrupaci\u00f3. L'acte va comen\u00e7ar amb la foto\u2026","rel":"","context":"In &quot;Eixercici 2025-2026&quot;","block_context":{"text":"Eixercici 2025-2026","link":"https:\/\/pilarsantfrancesc.es\/val\/category\/eixercicis\/eixercici-2025-2026\/"},"img":{"alt_text":"","src":"https:\/\/i0.wp.com\/pilarsantfrancesc.es\/val\/wp-content\/uploads\/sites\/2\/2025\/11\/halloween-2026.jpg?fit=568%2C570&ssl=1&resize=350%2C200","width":350,"height":200,"srcset":"https:\/\/i0.wp.com\/pilarsantfrancesc.es\/val\/wp-content\/uploads\/sites\/2\/2025\/11\/halloween-2026.jpg?fit=568%2C570&ssl=1&resize=350%2C200 1x, https:\/\/i0.wp.com\/pilarsantfrancesc.es\/val\/wp-content\/uploads\/sites\/2\/2025\/11\/halloween-2026.jpg?fit=568%2C570&ssl=1&resize=525%2C300 1.5x"},"classes":[]},{"id":13493,"url":"https:\/\/pilarsantfrancesc.es\/val\/2026\/01\/17\/xiv-presentacion-bocetos-epsf\/","url_meta":{"origin":15111,"position":4},"title":"XIV PRESENTACI\u00d3 ESBOSSOS EPSF","author":"Jes\u00fas","date":"17 Giner, 2026","format":false,"excerpt":"(Val\u00e9ncia, 20.12.2025): El passat dissabte 20 de decembre, a les 12:00 hores, l'Agrupaci\u00f3 de Falles El Pilar\u2013Sant Francesc va celebrar la XIV Presentaci\u00f3 d'Esbossos, un acte ya consolidat en el calendari faller que va tindre lloc, un any m\u00e9s, en el Centre del Carmen de Cultura Contempor\u00e0nea (CCCC), ubicat en\u2026","rel":"","context":"In &quot;Eixercici 2025-2026&quot;","block_context":{"text":"Eixercici 2025-2026","link":"https:\/\/pilarsantfrancesc.es\/val\/category\/eixercicis\/eixercici-2025-2026\/"},"img":{"alt_text":"","src":"https:\/\/i0.wp.com\/pilarsantfrancesc.es\/val\/wp-content\/uploads\/sites\/2\/2026\/01\/A-252-scaled.jpg?fit=1200%2C800&ssl=1&resize=350%2C200","width":350,"height":200,"srcset":"https:\/\/i0.wp.com\/pilarsantfrancesc.es\/val\/wp-content\/uploads\/sites\/2\/2026\/01\/A-252-scaled.jpg?fit=1200%2C800&ssl=1&resize=350%2C200 1x, https:\/\/i0.wp.com\/pilarsantfrancesc.es\/val\/wp-content\/uploads\/sites\/2\/2026\/01\/A-252-scaled.jpg?fit=1200%2C800&ssl=1&resize=525%2C300 1.5x, https:\/\/i0.wp.com\/pilarsantfrancesc.es\/val\/wp-content\/uploads\/sites\/2\/2026\/01\/A-252-scaled.jpg?fit=1200%2C800&ssl=1&resize=700%2C400 2x, https:\/\/i0.wp.com\/pilarsantfrancesc.es\/val\/wp-content\/uploads\/sites\/2\/2026\/01\/A-252-scaled.jpg?fit=1200%2C800&ssl=1&resize=1050%2C600 3x"},"classes":[]},{"id":13350,"url":"https:\/\/pilarsantfrancesc.es\/val\/2025\/06\/26\/iii-campeonat-anual-de-birles-el-pilar-sant-francesc\/","url_meta":{"origin":15111,"position":5},"title":"III CAMPEONAT ANUAL DE BIRLES EL PILAR SANT FRANCESC","author":"Jes\u00fas","date":"26 Juny, 2025","format":false,"excerpt":"El passat dijous 19 de juny i el passat dijous 26 de juny, va tender lloc el III Cameponat Anual de Birles El Pilar Sant Francesc en el que varen participar 8 equips de 6 comissions de l'Agrupaci\u00f3. En eixes dos nits, se varen jugar les partides previstes. Despr\u00e9s d'una\u2026","rel":"","context":"In &quot;Eixercici 2025-2026&quot;","block_context":{"text":"Eixercici 2025-2026","link":"https:\/\/pilarsantfrancesc.es\/val\/category\/eixercicis\/eixercici-2025-2026\/"},"img":{"alt_text":"","src":"https:\/\/i0.wp.com\/pilarsantfrancesc.es\/val\/wp-content\/uploads\/sites\/2\/2025\/10\/campeonat-birles-2026.jpg?fit=900%2C1200&ssl=1&resize=350%2C200","width":350,"height":200,"srcset":"https:\/\/i0.wp.com\/pilarsantfrancesc.es\/val\/wp-content\/uploads\/sites\/2\/2025\/10\/campeonat-birles-2026.jpg?fit=900%2C1200&ssl=1&resize=350%2C200 1x, https:\/\/i0.wp.com\/pilarsantfrancesc.es\/val\/wp-content\/uploads\/sites\/2\/2025\/10\/campeonat-birles-2026.jpg?fit=900%2C1200&ssl=1&resize=525%2C300 1.5x, https:\/\/i0.wp.com\/pilarsantfrancesc.es\/val\/wp-content\/uploads\/sites\/2\/2025\/10\/campeonat-birles-2026.jpg?fit=900%2C1200&ssl=1&resize=700%2C400 2x"},"classes":[]}],"jetpack_sharing_enabled":true,"_links":{"self":[{"href":"https:\/\/pilarsantfrancesc.es\/val\/wp-json\/wp\/v2\/posts\/15111","targetHints":{"allow":["GET"]}}],"collection":[{"href":"https:\/\/pilarsantfrancesc.es\/val\/wp-json\/wp\/v2\/posts"}],"about":[{"href":"https:\/\/pilarsantfrancesc.es\/val\/wp-json\/wp\/v2\/types\/post"}],"author":[{"embeddable":true,"href":"https:\/\/pilarsantfrancesc.es\/val\/wp-json\/wp\/v2\/users\/132"}],"replies":[{"embeddable":true,"href":"https:\/\/pilarsantfrancesc.es\/val\/wp-json\/wp\/v2\/comments?post=15111"}],"version-history":[{"count":2,"href":"https:\/\/pilarsantfrancesc.es\/val\/wp-json\/wp\/v2\/posts\/15111\/revisions"}],"predecessor-version":[{"id":15119,"href":"https:\/\/pilarsantfrancesc.es\/val\/wp-json\/wp\/v2\/posts\/15111\/revisions\/15119"}],"wp:featuredmedia":[{"embeddable":true,"href":"https:\/\/pilarsantfrancesc.es\/val\/wp-json\/wp\/v2\/media\/15120"}],"wp:attachment":[{"href":"https:\/\/pilarsantfrancesc.es\/val\/wp-json\/wp\/v2\/media?parent=15111"}],"wp:term":[{"taxonomy":"category","embeddable":true,"href":"https:\/\/pilarsantfrancesc.es\/val\/wp-json\/wp\/v2\/categories?post=15111"},{"taxonomy":"post_tag","embeddable":true,"href":"https:\/\/pilarsantfrancesc.es\/val\/wp-json\/wp\/v2\/tags?post=15111"}],"curies":[{"name":"wp","href":"https:\/\/api.w.org\/{rel}","templated":true}]}}