{"id":15115,"date":"2026-04-27T21:45:59","date_gmt":"2026-04-27T19:45:59","guid":{"rendered":"https:\/\/pilarsantfrancesc.es\/val\/?p=15115"},"modified":"2026-05-01T22:16:31","modified_gmt":"2026-05-01T20:16:31","slug":"primeros-campeonatos-agrupacion","status":"publish","type":"post","link":"https:\/\/pilarsantfrancesc.es\/val\/2026\/04\/27\/primeros-campeonatos-agrupacion\/","title":{"rendered":"CAMPEONATS AGRUPACI\u00d3 Pilar Sant Francesc 2026"},"content":{"rendered":"\n<p style=\"text-align:justify\"><strong>(Valencia, 26.04.2026):<\/strong> El passat 26 d&#8217;Abril vivim una d&#8217;eixes jornades que unixen encara m\u00e9s a la nostra agrupaci\u00f3: el campeonat de truc i *parch\u00eds celebrat en el casal de la Falla En Plom i Guillem de Castro. Va ser un dia de conviv\u00e8ncia, companyonia i molt ambient faller entre comissions de l&#8217;Agrupaci\u00f3 El Pilar *Sant Francesc.\n\nDes de primera hora, el mat\u00ed va arrancar en un almorzar per a agarrar forces abans d&#8217;escomen\u00e7ar les partides. A continuaci\u00f3, es va celebrar el sorteig per a assignar els enfrontaments de cada grup i donar comen\u00e7 a una jornada en la que varen participar 9 parelles de truc i 8 de *parch\u00eds, procedents de 9 falles distintes.\n\nAl voltant de les 2 del migdia v\u00e0rem fer una pausa per a menjar i gojar d&#8217;un menjar delici\u00f3s preparat per Geli, de la Falla En Plom, a qui volem agrair especialment el seu treball i dedicaci\u00f3. Despuix de menjar, es varen reprendre les partides en l&#8217;emoci\u00f3 pr\u00f2pia dels \u00faltims enfrontaments, fins a con\u00e9ixer a les parelles guanyadores.\n\nEn la modalitat de truc, els guanyadors varen ser Jos\u00e9 Antonio Joli i Francisco Ballesteros, de la Falla En Plom i Guillem de Castro. En *parch\u00eds, la parella guanyadora va ser la formada per Mayte Escobedo i Amalia Roig, de la Falla Quart i Colomer, una de les comissions integrades en l&#8217;Agrupaci\u00f3 El Pilar Sant Francesc.\n\nGr\u00e0cies a totes les persones participants per fer gran esta jornada en la seua pres\u00e8ncia, la seua deportivitat i les seues ganes de compartir. I gr\u00e0cies tamb\u00e9 a la Falla En Plom per l&#8217;organisaci\u00f3 i per acollir un dia tan especial per a tota l&#8217;agrupaci\u00f3.\n\n<\/strong>.<\/p>\n\n\n\n<p><a href=\"https:\/\/photos.app.goo.gl\/2zbKFzJwcCpHumfW6\" target=\"_blank\" rel=\"noopener nofollow\" title=\"\">Ac\u00ed<\/a> podeu vore totes les fotografies d&#8217;eixe dia.<\/p>\n\n\n\n<p>Els guanyadors dels campeonats varen ser:<\/p>\n\n\n\n<div class=\"wp-block-columns is-layout-flex wp-container-core-columns-is-layout-9d6595d7 wp-block-columns-is-layout-flex\">\n<div class=\"wp-block-column is-layout-flow wp-block-column-is-layout-flow\">\n<p>TRUC:                                                                                <br>\ud83e\udd47\u00a0Falla En Plom i Guillem de Castro                               <br>      Jos\u00e9 Antonio Joli                                                             <br>      Francisco Ballestero                                                           <\/p>\n<\/div>\n\n\n\n<div class=\"wp-block-column is-layout-flow wp-block-column-is-layout-flow\">\n<p>    PARCH\u00cdS:\u00a0<br>   \ud83e\udd47 Falla Quart-Palomar<br>         Mayte Escobedo<br>         Amalia Roig<br><\/p>\n<\/div>\n<\/div>\n\n\n\n<figure class=\"wp-block-gallery has-nested-images columns-default is-cropped wp-block-gallery-1 is-layout-flex wp-block-gallery-is-layout-flex\">\n<figure class=\"wp-block-image size-large\"><img decoding=\"async\" src=\"https:\/\/lh3.googleusercontent.com\/pw\/AP1GczNVeOPoarSUiC7jt2Aim2ANzIF0Teq3kFpi5RXQ5cpUXcc0ZIpRHB8AeGLreXjEl9J-A6jW8lo19AaSlP6zFxyOIqNC59uGS1ReFjmeVnt_2YXdBpFg5gsyOxVGj4D_3PFwcbX9IWYsHcy1gfg5koSGhQ=w533-h948-s-no-gm?authuser=1\" alt=\"\" \/><\/figure>\n\n\n\n<figure class=\"wp-block-image size-large\"><img decoding=\"async\" src=\"https:\/\/lh3.googleusercontent.com\/pw\/AP1GczPA89IdYtLISZZFcV-OBfPC-Lyxs31ZEnTy6Pwbeowgy1rfSxiriVA4LilRjmlPtrxZHoOYS5Zb5E9mOnb1meDHWvWaqIqf1OGTxM9VLxWln9vSlWtfGX56y2CQojEWZc8bqlUZAHCx4Jz4yW-pYiew0w=w533-h948-s-no-gm?authuser=1\" alt=\"\" \/><\/figure>\n<\/figure>\n\n\n\n<p>\u00a1Enhorabona!\ud83d\udc4f\ud83c\udffc\ud83d\udc4f\ud83c\udffc&nbsp;<\/p>\n\n\n\n<p>Volem donar les gr\u00e0cies a la Falla En Plom per ser uns magn\u00edfics amfitrions.<\/p>\n\n\n\n<p style=\"text-align:justify\">I, per supost, moltes gr\u00e0cies tamb\u00e9 a tots els que varen participar en els Campeonats de l&#8217;Agrupaci\u00f3 i als que ho varen organisar.<\/p>\n\n\n\n<p>\ud83e\udd1d Fent Agrupaci\u00f3 \ud83e\udd0d<\/p>\n\n\n\n<p><\/p>\n","protected":false},"excerpt":{"rendered":"<p>(Valencia, 26.04.2026): El passat 26 d&#8217;Abril vivim una d&#8217;eixes jornades que unixen encara m\u00e9s a la nostra agrupaci\u00f3: el campeonat de truc i *parch\u00eds celebrat en el casal de la Falla En Plom i Guillem de Castro. Va ser un dia de conviv\u00e8ncia, companyonia i molt ambient faller entre comissions de l&#8217;Agrupaci\u00f3 El Pilar *Sant [&hellip;]<\/p>\n","protected":false},"author":132,"featured_media":15116,"comment_status":"closed","ping_status":"open","sticky":false,"template":"","format":"standard","meta":{"_monsterinsights_skip_tracking":false,"_monsterinsights_sitenote_active":false,"_monsterinsights_sitenote_note":"","_monsterinsights_sitenote_category":0,"jetpack_post_was_ever_published":false,"_jetpack_newsletter_access":"","_jetpack_dont_email_post_to_subs":false,"_jetpack_newsletter_tier_id":0,"_jetpack_memberships_contains_paywalled_content":false,"_jetpack_memberships_contains_paid_content":false,"footnotes":""},"categories":[161,3],"tags":[162,163,159,158],"class_list":["post-15115","post","type-post","status-publish","format-standard","has-post-thumbnail","hentry","category-eixercici-2025-2026","category-eixercicis","tag-aepsf26","tag-falles2026","tag-parchis","tag-truc"],"aioseo_notices":[],"jetpack_featured_media_url":"https:\/\/i0.wp.com\/pilarsantfrancesc.es\/val\/wp-content\/uploads\/sites\/2\/2026\/05\/Captura-de-pantalla-2026-04-29-214729.jpg?fit=480%2C683&ssl=1","jetpack-related-posts":[{"id":7139,"url":"https:\/\/pilarsantfrancesc.es\/val\/2020\/11\/16\/campeons-truc-parchis-i-domino\/","url_meta":{"origin":15115,"position":0},"title":"CAMPEONS TRUC, PARCH\u00cdS I DOMIN\u00d3","author":"AEPSF","date":"16 Novembre, 2020","format":false,"excerpt":"Entre els mesos de setembre i octubre de 2020, en el Casal de la Falla Guillem de Castro, Triador i Sant Pere Pasqual, es varen disputar les partides de la Fase Sector dels Campeonats de Junta Central Fallera de Truc, Parch\u00eds i Domin\u00f3. Les Falles que es varen inscriure al\u2026","rel":"","context":"In &quot;Eixercici 2020-2021&quot;","block_context":{"text":"Eixercici 2020-2021","link":"https:\/\/pilarsantfrancesc.es\/val\/category\/eixercicis\/eixercici-2020-2021\/"},"img":{"alt_text":"","src":"https:\/\/i0.wp.com\/pilarsantfrancesc.es\/val\/wp-content\/uploads\/sites\/2\/2020\/11\/Campeones-de-Domino%CC%81.jpg?fit=960%2C960&ssl=1&resize=350%2C200","width":350,"height":200,"srcset":"https:\/\/i0.wp.com\/pilarsantfrancesc.es\/val\/wp-content\/uploads\/sites\/2\/2020\/11\/Campeones-de-Domino%CC%81.jpg?fit=960%2C960&ssl=1&resize=350%2C200 1x, https:\/\/i0.wp.com\/pilarsantfrancesc.es\/val\/wp-content\/uploads\/sites\/2\/2020\/11\/Campeones-de-Domino%CC%81.jpg?fit=960%2C960&ssl=1&resize=525%2C300 1.5x, https:\/\/i0.wp.com\/pilarsantfrancesc.es\/val\/wp-content\/uploads\/sites\/2\/2020\/11\/Campeones-de-Domino%CC%81.jpg?fit=960%2C960&ssl=1&resize=700%2C400 2x"},"classes":[]},{"id":13189,"url":"https:\/\/pilarsantfrancesc.es\/val\/2025\/04\/16\/primers-campeonats-agrupacio\/","url_meta":{"origin":15115,"position":1},"title":"PRIMEROS CAMPEONATOS AGRUPACI\u00d3N EPSF","author":"imacuchc","date":"16 Abril, 2025","format":false,"excerpt":"(Val\u00e9ncia, 12.04.2025): El passat 12 d'abril en el Casal de la Falla Ribera-Convent de Santa Clara \"Telef\u00f2nica\" es va celebrar per primera volta els Campeonats de Truc, Parch\u00eds i Domin\u00f3 de l'Agrupaci\u00f3 El Pilar Sant Francesc. Va ser un dia molt divertit i complet en el que les parelles dels\u2026","rel":"","context":"In &quot;Eixercici 2024-2025&quot;","block_context":{"text":"Eixercici 2024-2025","link":"https:\/\/pilarsantfrancesc.es\/val\/category\/eixercicis\/eixercici-2024-2025\/"},"img":{"alt_text":"","src":"https:\/\/i0.wp.com\/pilarsantfrancesc.es\/val\/wp-content\/uploads\/sites\/2\/2025\/05\/Primers-Campeonats-AEPSF.jpg?fit=1200%2C675&ssl=1&resize=350%2C200","width":350,"height":200,"srcset":"https:\/\/i0.wp.com\/pilarsantfrancesc.es\/val\/wp-content\/uploads\/sites\/2\/2025\/05\/Primers-Campeonats-AEPSF.jpg?fit=1200%2C675&ssl=1&resize=350%2C200 1x, https:\/\/i0.wp.com\/pilarsantfrancesc.es\/val\/wp-content\/uploads\/sites\/2\/2025\/05\/Primers-Campeonats-AEPSF.jpg?fit=1200%2C675&ssl=1&resize=525%2C300 1.5x, https:\/\/i0.wp.com\/pilarsantfrancesc.es\/val\/wp-content\/uploads\/sites\/2\/2025\/05\/Primers-Campeonats-AEPSF.jpg?fit=1200%2C675&ssl=1&resize=700%2C400 2x, https:\/\/i0.wp.com\/pilarsantfrancesc.es\/val\/wp-content\/uploads\/sites\/2\/2025\/05\/Primers-Campeonats-AEPSF.jpg?fit=1200%2C675&ssl=1&resize=1050%2C600 3x"},"classes":[]},{"id":13230,"url":"https:\/\/pilarsantfrancesc.es\/val\/2025\/06\/07\/campeons-truc-parchis-i-domino-2026\/","url_meta":{"origin":15115,"position":2},"title":"CAMPEONS TRUC, PARCH\u00cdS I DOMIN\u00d3 2026","author":"Jes\u00fas","date":"7 Juny, 2025","format":false,"excerpt":"En el mes de maig, en el casal de la Falla Guillem Sorolla i Recaredo, es varen disputar les partides de la Fase Sector dels Campeonats de Truc, Parch\u00eds i Domin\u00f3, sent els campeons les seg\u00fcents Falles: CAMPEONS DE TRUC: Falla Guillem de Castro i Triador. Equip format per Elena\u2026","rel":"","context":"In &quot;Eixercici 2025-2026&quot;","block_context":{"text":"Eixercici 2025-2026","link":"https:\/\/pilarsantfrancesc.es\/val\/category\/eixercicis\/eixercici-2025-2026\/"},"img":{"alt_text":"","src":"https:\/\/i0.wp.com\/pilarsantfrancesc.es\/val\/wp-content\/uploads\/sites\/2\/2025\/10\/cap_campeons_sepsf_2026.png?fit=723%2C881&ssl=1&resize=350%2C200","width":350,"height":200,"srcset":"https:\/\/i0.wp.com\/pilarsantfrancesc.es\/val\/wp-content\/uploads\/sites\/2\/2025\/10\/cap_campeons_sepsf_2026.png?fit=723%2C881&ssl=1&resize=350%2C200 1x, https:\/\/i0.wp.com\/pilarsantfrancesc.es\/val\/wp-content\/uploads\/sites\/2\/2025\/10\/cap_campeons_sepsf_2026.png?fit=723%2C881&ssl=1&resize=525%2C300 1.5x, https:\/\/i0.wp.com\/pilarsantfrancesc.es\/val\/wp-content\/uploads\/sites\/2\/2025\/10\/cap_campeons_sepsf_2026.png?fit=723%2C881&ssl=1&resize=700%2C400 2x"},"classes":[]},{"id":649,"url":"https:\/\/pilarsantfrancesc.es\/val\/2019\/06\/12\/entrega-de-trofeus-2020\/","url_meta":{"origin":15115,"position":3},"title":"ENTREGA DE TROFEUS 2020","author":"AEPSF","date":"12 Juny, 2019","format":false,"excerpt":"(Val\u00e9ncia, 10.06.19): En el Casal de la Falla Ribera - Convent Santa Clara \"Telef\u00f3nica\", que \u00e9s on es varen jugar les 100 partides entre Truc i Parch\u00eds de la Fase Sector dels Campeonats de Truc i Parch\u00eds, es va realisar l'entrega dels trofeus als nostres CAMPEONS, subcampeons i farolets. Despuix\u2026","rel":"","context":"In &quot;Eixercici 2019-2020&quot;","block_context":{"text":"Eixercici 2019-2020","link":"https:\/\/pilarsantfrancesc.es\/val\/category\/eixercicis\/eixercici-2019-2020\/"},"img":{"alt_text":"","src":"https:\/\/i0.wp.com\/pilarsantfrancesc.es\/val\/wp-content\/uploads\/sites\/2\/2019\/06\/portada-blog-post-entregatrofeos2020-parchis-scaled.jpg?fit=1200%2C848&ssl=1&resize=350%2C200","width":350,"height":200,"srcset":"https:\/\/i0.wp.com\/pilarsantfrancesc.es\/val\/wp-content\/uploads\/sites\/2\/2019\/06\/portada-blog-post-entregatrofeos2020-parchis-scaled.jpg?fit=1200%2C848&ssl=1&resize=350%2C200 1x, https:\/\/i0.wp.com\/pilarsantfrancesc.es\/val\/wp-content\/uploads\/sites\/2\/2019\/06\/portada-blog-post-entregatrofeos2020-parchis-scaled.jpg?fit=1200%2C848&ssl=1&resize=525%2C300 1.5x, https:\/\/i0.wp.com\/pilarsantfrancesc.es\/val\/wp-content\/uploads\/sites\/2\/2019\/06\/portada-blog-post-entregatrofeos2020-parchis-scaled.jpg?fit=1200%2C848&ssl=1&resize=700%2C400 2x, https:\/\/i0.wp.com\/pilarsantfrancesc.es\/val\/wp-content\/uploads\/sites\/2\/2019\/06\/portada-blog-post-entregatrofeos2020-parchis-scaled.jpg?fit=1200%2C848&ssl=1&resize=1050%2C600 3x"},"classes":[]},{"id":825,"url":"https:\/\/pilarsantfrancesc.es\/val\/2019\/07\/26\/recollida-de-palets\/","url_meta":{"origin":15115,"position":4},"title":"NOSTRES CAMPEONS YA TENEN ELS SEUS PALETS","author":"AEPSF","date":"26 Juliol, 2019","format":false,"excerpt":"(Val\u00e9ncia, 24.07.19): Com be sabeu tots, durant el m\u00e9s de juliol, els Campeons del nostre Sector de Truc, la Falla En Plom i Guillem de Castro i els Campeons de Parch\u00eds, la Falla Avinguda de l'Oest \"Els Velluters\", varen disputar la segona fase dels campeonats en els Jardins del Palau\u2026","rel":"","context":"In &quot;Eixercici 2019-2020&quot;","block_context":{"text":"Eixercici 2019-2020","link":"https:\/\/pilarsantfrancesc.es\/val\/category\/eixercicis\/eixercici-2019-2020\/"},"img":{"alt_text":"","src":"https:\/\/i0.wp.com\/pilarsantfrancesc.es\/val\/wp-content\/uploads\/sites\/2\/2020\/05\/Portada-blog-post-Entrega-Trofeos-2020-scaled.jpg?fit=1200%2C848&ssl=1&resize=350%2C200","width":350,"height":200,"srcset":"https:\/\/i0.wp.com\/pilarsantfrancesc.es\/val\/wp-content\/uploads\/sites\/2\/2020\/05\/Portada-blog-post-Entrega-Trofeos-2020-scaled.jpg?fit=1200%2C848&ssl=1&resize=350%2C200 1x, https:\/\/i0.wp.com\/pilarsantfrancesc.es\/val\/wp-content\/uploads\/sites\/2\/2020\/05\/Portada-blog-post-Entrega-Trofeos-2020-scaled.jpg?fit=1200%2C848&ssl=1&resize=525%2C300 1.5x, https:\/\/i0.wp.com\/pilarsantfrancesc.es\/val\/wp-content\/uploads\/sites\/2\/2020\/05\/Portada-blog-post-Entrega-Trofeos-2020-scaled.jpg?fit=1200%2C848&ssl=1&resize=700%2C400 2x, https:\/\/i0.wp.com\/pilarsantfrancesc.es\/val\/wp-content\/uploads\/sites\/2\/2020\/05\/Portada-blog-post-Entrega-Trofeos-2020-scaled.jpg?fit=1200%2C848&ssl=1&resize=1050%2C600 3x"},"classes":[]},{"id":11864,"url":"https:\/\/pilarsantfrancesc.es\/val\/2024\/03\/09\/llibret-aepsf-2024-i-premis\/","url_meta":{"origin":15115,"position":5},"title":"PRESENTACI\u00d3 DEL LLIBRET DE L&#8217;AEPSF 2024","author":"AEPSF","date":"9 Mar\u00e7, 2024","format":false,"excerpt":"I ENTREGA DE PREMIS DE L'EIXERCICI El passat dilluns 4 de mar\u00e7, varen presentar el Llibret de l'Agrupaci\u00f3 de les Falles 2024. \ud83d\udcd6 Una vesprada espectacular per a recordar els moments d'este eixercici 2023-2024. \ud83d\ude0a A este acte varen acodir els m\u00e0xims representants de les Falles que componen la nostra\u2026","rel":"","context":"In &quot;Eixercici 2023-2024&quot;","block_context":{"text":"Eixercici 2023-2024","link":"https:\/\/pilarsantfrancesc.es\/val\/category\/eixercicis\/eixercici-2023-2024\/"},"img":{"alt_text":"","src":"https:\/\/i0.wp.com\/pilarsantfrancesc.es\/val\/wp-content\/uploads\/sites\/2\/2024\/03\/DSC_0126-scaled.jpg?fit=1200%2C801&ssl=1&resize=350%2C200","width":350,"height":200,"srcset":"https:\/\/i0.wp.com\/pilarsantfrancesc.es\/val\/wp-content\/uploads\/sites\/2\/2024\/03\/DSC_0126-scaled.jpg?fit=1200%2C801&ssl=1&resize=350%2C200 1x, https:\/\/i0.wp.com\/pilarsantfrancesc.es\/val\/wp-content\/uploads\/sites\/2\/2024\/03\/DSC_0126-scaled.jpg?fit=1200%2C801&ssl=1&resize=525%2C300 1.5x, https:\/\/i0.wp.com\/pilarsantfrancesc.es\/val\/wp-content\/uploads\/sites\/2\/2024\/03\/DSC_0126-scaled.jpg?fit=1200%2C801&ssl=1&resize=700%2C400 2x, https:\/\/i0.wp.com\/pilarsantfrancesc.es\/val\/wp-content\/uploads\/sites\/2\/2024\/03\/DSC_0126-scaled.jpg?fit=1200%2C801&ssl=1&resize=1050%2C600 3x"},"classes":[]}],"jetpack_sharing_enabled":true,"_links":{"self":[{"href":"https:\/\/pilarsantfrancesc.es\/val\/wp-json\/wp\/v2\/posts\/15115","targetHints":{"allow":["GET"]}}],"collection":[{"href":"https:\/\/pilarsantfrancesc.es\/val\/wp-json\/wp\/v2\/posts"}],"about":[{"href":"https:\/\/pilarsantfrancesc.es\/val\/wp-json\/wp\/v2\/types\/post"}],"author":[{"embeddable":true,"href":"https:\/\/pilarsantfrancesc.es\/val\/wp-json\/wp\/v2\/users\/132"}],"replies":[{"embeddable":true,"href":"https:\/\/pilarsantfrancesc.es\/val\/wp-json\/wp\/v2\/comments?post=15115"}],"version-history":[{"count":4,"href":"https:\/\/pilarsantfrancesc.es\/val\/wp-json\/wp\/v2\/posts\/15115\/revisions"}],"predecessor-version":[{"id":15125,"href":"https:\/\/pilarsantfrancesc.es\/val\/wp-json\/wp\/v2\/posts\/15115\/revisions\/15125"}],"wp:featuredmedia":[{"embeddable":true,"href":"https:\/\/pilarsantfrancesc.es\/val\/wp-json\/wp\/v2\/media\/15116"}],"wp:attachment":[{"href":"https:\/\/pilarsantfrancesc.es\/val\/wp-json\/wp\/v2\/media?parent=15115"}],"wp:term":[{"taxonomy":"category","embeddable":true,"href":"https:\/\/pilarsantfrancesc.es\/val\/wp-json\/wp\/v2\/categories?post=15115"},{"taxonomy":"post_tag","embeddable":true,"href":"https:\/\/pilarsantfrancesc.es\/val\/wp-json\/wp\/v2\/tags?post=15115"}],"curies":[{"name":"wp","href":"https:\/\/api.w.org\/{rel}","templated":true}]}}